{"id":7815,"date":"2024-10-28T11:47:04","date_gmt":"2024-10-28T10:47:04","guid":{"rendered":"https:\/\/talents-illkirch.eu\/2025\/?p=7815"},"modified":"2024-12-20T09:46:25","modified_gmt":"2024-12-20T08:46:25","slug":"atelier-stephanie-michaud","status":"publish","type":"post","link":"https:\/\/talents-illkirch.eu\/index.php\/2024\/10\/28\/atelier-stephanie-michaud\/","title":{"rendered":"Atelier &#8211; St\u00e9phanie Michaud\/Jours d&rsquo;Angles"},"content":{"rendered":"\t\t<div data-elementor-type=\"wp-post\" data-elementor-id=\"7815\" class=\"elementor elementor-7815\" data-elementor-post-type=\"post\">\n\t\t\t\t\t\t<section class=\"elementor-section elementor-top-section elementor-element elementor-element-a67b199 elementor-section-boxed elementor-section-height-default elementor-section-height-default\" data-id=\"a67b199\" data-element_type=\"section\" data-e-type=\"section\">\n\t\t\t\t\t\t<div class=\"elementor-container elementor-column-gap-default\">\n\t\t\t\t\t<div class=\"elementor-column elementor-col-100 elementor-top-column elementor-element elementor-element-390fca2a\" data-id=\"390fca2a\" data-element_type=\"column\" data-e-type=\"column\">\n\t\t\t<div class=\"elementor-widget-wrap elementor-element-populated\">\n\t\t\t\t\t\t<div class=\"elementor-element elementor-element-7843fe8 elementor-widget elementor-widget-heading\" data-id=\"7843fe8\" data-element_type=\"widget\" data-e-type=\"widget\" data-widget_type=\"heading.default\">\n\t\t\t\t<div class=\"elementor-widget-container\">\n\t\t\t\t\t<h2 class=\"elementor-heading-title elementor-size-default\">Pr\u00e9sentation de l'atelier :<\/h2>\t\t\t\t<\/div>\n\t\t\t\t<\/div>\n\t\t\t\t<div class=\"elementor-element elementor-element-bc9a4f3 elementor-widget__width-initial elementor-widget elementor-widget-image\" data-id=\"bc9a4f3\" data-element_type=\"widget\" data-e-type=\"widget\" data-widget_type=\"image.default\">\n\t\t\t\t<div class=\"elementor-widget-container\">\n\t\t\t\t\t\t\t\t\t\t\t\t\t\t\t<img fetchpriority=\"high\" decoding=\"async\" width=\"780\" height=\"780\" src=\"https:\/\/talents-illkirch.eu\/wp-content\/uploads\/2024\/10\/visuel-atelier-JA-1024x1024.jpg\" class=\"attachment-large size-large wp-image-7871\" alt=\"\" srcset=\"https:\/\/talents-illkirch.eu\/wp-content\/uploads\/2024\/10\/visuel-atelier-JA-1024x1024.jpg 1024w, https:\/\/talents-illkirch.eu\/wp-content\/uploads\/2024\/10\/visuel-atelier-JA-300x300.jpg 300w, https:\/\/talents-illkirch.eu\/wp-content\/uploads\/2024\/10\/visuel-atelier-JA-150x150.jpg 150w, https:\/\/talents-illkirch.eu\/wp-content\/uploads\/2024\/10\/visuel-atelier-JA-768x768.jpg 768w, https:\/\/talents-illkirch.eu\/wp-content\/uploads\/2024\/10\/visuel-atelier-JA.jpg 1080w\" sizes=\"(max-width: 780px) 100vw, 780px\" \/>\t\t\t\t\t\t\t\t\t\t\t\t\t\t\t<\/div>\n\t\t\t\t<\/div>\n\t\t\t\t<div class=\"elementor-element elementor-element-22769453 elementor-widget elementor-widget-text-editor\" data-id=\"22769453\" data-element_type=\"widget\" data-e-type=\"widget\" data-widget_type=\"text-editor.default\">\n\t\t\t\t<div class=\"elementor-widget-container\">\n\t\t\t\t\t\t\t\t\t<p>Cet atelier permet une approche des Jours d&rsquo;Angles par la marque (tirage de fils) et l&rsquo;ajourage de pav\u00e9s. Le travail se fait sur une toile de lin 12 fils\/cm pour permettre une approche en douceur. Le temps de l&rsquo;atelier permet le travail des points. La finition du projet (pochette) se r\u00e9alise en dehors du temps de l&rsquo;atelier.\u00a0<\/p>\t\t\t\t\t\t\t\t<\/div>\n\t\t\t\t<\/div>\n\t\t\t\t\t<\/div>\n\t\t<\/div>\n\t\t\t\t\t<\/div>\n\t\t<\/section>\n\t\t\t\t<section class=\"elementor-section elementor-top-section elementor-element elementor-element-74ef1085 elementor-section-boxed elementor-section-height-default elementor-section-height-default\" data-id=\"74ef1085\" data-element_type=\"section\" data-e-type=\"section\">\n\t\t\t\t\t\t<div class=\"elementor-container elementor-column-gap-default\">\n\t\t\t\t\t<div class=\"elementor-column elementor-col-100 elementor-top-column elementor-element elementor-element-6862624b\" data-id=\"6862624b\" data-element_type=\"column\" data-e-type=\"column\">\n\t\t\t<div class=\"elementor-widget-wrap elementor-element-populated\">\n\t\t\t\t\t\t<div class=\"elementor-element elementor-element-7872f9aa elementor-widget elementor-widget-heading\" data-id=\"7872f9aa\" data-element_type=\"widget\" data-e-type=\"widget\" data-widget_type=\"heading.default\">\n\t\t\t\t<div class=\"elementor-widget-container\">\n\t\t\t\t\t<h2 class=\"elementor-heading-title elementor-size-default\">Informations sur l'atelier :<\/h2>\t\t\t\t<\/div>\n\t\t\t\t<\/div>\n\t\t\t\t<section class=\"elementor-section elementor-inner-section elementor-element elementor-element-dbca277 elementor-section-boxed elementor-section-height-default elementor-section-height-default\" data-id=\"dbca277\" data-element_type=\"section\" data-e-type=\"section\">\n\t\t\t\t\t\t<div class=\"elementor-container elementor-column-gap-default\">\n\t\t\t\t\t<div class=\"elementor-column elementor-col-50 elementor-inner-column elementor-element elementor-element-7ef12ed6\" data-id=\"7ef12ed6\" data-element_type=\"column\" data-e-type=\"column\">\n\t\t\t<div class=\"elementor-widget-wrap elementor-element-populated\">\n\t\t\t\t\t\t<div class=\"elementor-element elementor-element-7dc97da4 elementor-widget elementor-widget-text-editor\" data-id=\"7dc97da4\" data-element_type=\"widget\" data-e-type=\"widget\" data-widget_type=\"text-editor.default\">\n\t\t\t\t<div class=\"elementor-widget-container\">\n\t\t\t\t\t\t\t\t\t<p><strong>Nombre de participants: <\/strong>6 personnes<br \/><strong>A partir de :<\/strong> 15 ans\u00a0<br \/><strong>Niveau requis pour participer : <\/strong>La pratique de la broderie traditionnelle est un plus, mais cet atelier s&rsquo;adresse aussi aux d\u00e9butants.\u00a0<br \/><strong>Mat\u00e9riel fourni par l\u2019animateur :<\/strong> Lin 12 fils\/cm &#8211; fil &#8211; aiguille &#8211; fiches techniques &#8211; fournitures n\u00e9cessaires \u00e0 la r\u00e9alisation de la pochette.\u00a0<br \/><strong>Mat\u00e9riel \u00e0 fournir par les participants : <\/strong>Ciseaux \u00e0 broder avec lames plates, loupes et \u00e9clairage d&rsquo;appoint si besoin.\u00a0<br \/><strong>Prix de l\u2019atelier par personne :<\/strong> 48\u20ac<\/p>\t\t\t\t\t\t\t\t<\/div>\n\t\t\t\t<\/div>\n\t\t\t\t\t<\/div>\n\t\t<\/div>\n\t\t\t\t<div class=\"elementor-column elementor-col-50 elementor-inner-column elementor-element elementor-element-2cb3d76d\" data-id=\"2cb3d76d\" data-element_type=\"column\" data-e-type=\"column\">\n\t\t\t<div class=\"elementor-widget-wrap elementor-element-populated\">\n\t\t\t\t\t\t<div class=\"elementor-element elementor-element-24e69654 elementor-widget elementor-widget-text-editor\" data-id=\"24e69654\" data-element_type=\"widget\" data-e-type=\"widget\" data-widget_type=\"text-editor.default\">\n\t\t\t\t<div class=\"elementor-widget-container\">\n\t\t\t\t\t\t\t\t\t<p><span style=\"text-decoration: underline;\"><strong>Date et horaire :<\/strong><\/span><\/p><p><strong>Dimanche 23\/03<\/strong>: De 10h \u00e0 12h\u00a0<\/p><p>(Salle R\u00e9sidence)<\/p>\t\t\t\t\t\t\t\t<\/div>\n\t\t\t\t<\/div>\n\t\t\t\t\t<\/div>\n\t\t<\/div>\n\t\t\t\t\t<\/div>\n\t\t<\/section>\n\t\t\t\t\t<\/div>\n\t\t<\/div>\n\t\t\t\t\t<\/div>\n\t\t<\/section>\n\t\t\t\t<section class=\"elementor-section elementor-top-section elementor-element elementor-element-691ddd71 elementor-section-boxed elementor-section-height-default elementor-section-height-default\" data-id=\"691ddd71\" data-element_type=\"section\" data-e-type=\"section\">\n\t\t\t\t\t\t<div class=\"elementor-container elementor-column-gap-default\">\n\t\t\t\t\t<div class=\"elementor-column elementor-col-100 elementor-top-column elementor-element elementor-element-18052bbc\" data-id=\"18052bbc\" data-element_type=\"column\" data-e-type=\"column\">\n\t\t\t<div class=\"elementor-widget-wrap elementor-element-populated\">\n\t\t\t\t\t\t<div class=\"elementor-element elementor-element-7aafb178 elementor-align-center elementor-widget elementor-widget-button\" data-id=\"7aafb178\" data-element_type=\"widget\" data-e-type=\"widget\" data-widget_type=\"button.default\">\n\t\t\t\t<div class=\"elementor-widget-container\">\n\t\t\t\t\t\t\t\t\t<div class=\"elementor-button-wrapper\">\n\t\t\t\t\t<a class=\"elementor-button elementor-button-link elementor-size-sm\" href=\"https:\/\/www.helloasso.com\/associations\/brode-art\/evenements\/atelier-decouverte-jours-d-angles-anime-par-stephanie-michaud\">\n\t\t\t\t\t\t<span class=\"elementor-button-content-wrapper\">\n\t\t\t\t\t\t\t\t\t<span class=\"elementor-button-text\">S'inscrire \u00e0  l'atelier<\/span>\n\t\t\t\t\t<\/span>\n\t\t\t\t\t<\/a>\n\t\t\t\t<\/div>\n\t\t\t\t\t\t\t\t<\/div>\n\t\t\t\t<\/div>\n\t\t\t\t\t<\/div>\n\t\t<\/div>\n\t\t\t\t\t<\/div>\n\t\t<\/section>\n\t\t\t\t<\/div>\n\t\t","protected":false},"excerpt":{"rendered":"<p>Pr\u00e9sentation de l&rsquo;atelier : Cet atelier permet une approche des Jours d&rsquo;Angles par la marque (tirage de fils) et l&rsquo;ajourage [&hellip;]<\/p>\n","protected":false},"author":7,"featured_media":0,"comment_status":"closed","ping_status":"closed","sticky":false,"template":"","format":"standard","meta":{"footnotes":""},"categories":[9],"tags":[],"class_list":["post-7815","post","type-post","status-publish","format-standard","hentry","category-atelier"],"_links":{"self":[{"href":"https:\/\/talents-illkirch.eu\/index.php\/wp-json\/wp\/v2\/posts\/7815","targetHints":{"allow":["GET"]}}],"collection":[{"href":"https:\/\/talents-illkirch.eu\/index.php\/wp-json\/wp\/v2\/posts"}],"about":[{"href":"https:\/\/talents-illkirch.eu\/index.php\/wp-json\/wp\/v2\/types\/post"}],"author":[{"embeddable":true,"href":"https:\/\/talents-illkirch.eu\/index.php\/wp-json\/wp\/v2\/users\/7"}],"replies":[{"embeddable":true,"href":"https:\/\/talents-illkirch.eu\/index.php\/wp-json\/wp\/v2\/comments?post=7815"}],"version-history":[{"count":17,"href":"https:\/\/talents-illkirch.eu\/index.php\/wp-json\/wp\/v2\/posts\/7815\/revisions"}],"predecessor-version":[{"id":8459,"href":"https:\/\/talents-illkirch.eu\/index.php\/wp-json\/wp\/v2\/posts\/7815\/revisions\/8459"}],"wp:attachment":[{"href":"https:\/\/talents-illkirch.eu\/index.php\/wp-json\/wp\/v2\/media?parent=7815"}],"wp:term":[{"taxonomy":"category","embeddable":true,"href":"https:\/\/talents-illkirch.eu\/index.php\/wp-json\/wp\/v2\/categories?post=7815"},{"taxonomy":"post_tag","embeddable":true,"href":"https:\/\/talents-illkirch.eu\/index.php\/wp-json\/wp\/v2\/tags?post=7815"}],"curies":[{"name":"wp","href":"https:\/\/api.w.org\/{rel}","templated":true}]}}